{"id":823,"date":"2016-04-03T12:15:19","date_gmt":"2016-04-03T10:15:19","guid":{"rendered":"http:\/\/tcwangen.ch\/wordpress\/?p=823"},"modified":"2016-05-22T17:16:41","modified_gmt":"2016-05-22T15:16:41","slug":"platzeroffnung","status":"publish","type":"post","link":"https:\/\/tcwangen.ch\/wordpress\/platzeroffnung\/","title":{"rendered":"Platzer\u00f6ffnung \/ Neues Schl\u00fcsselsystem"},"content":{"rendered":"<p>Am\u00a0Sonntag, 17. April 2016, findet um 11.00 Uhr die offizielle Platzer\u00f6ffnung statt. Auch dieses Jahr werden wir die Tennissaison mit einem kleinen Ap\u00e9ro offiziell\u00a0er\u00f6ffnen. Anmeldung bis 15. April 2016 erw\u00fcnscht an unseren Pr\u00e4sidenten Daniel Jaggi.<\/p>\n<p>Ausserdem f\u00fchren wir, wie an der HV vom 11. M\u00e4rz 2016 informiert, ein neues Schl\u00fcsselsystem ein. Details dazu sollten alle Mitglieder per Post erhalten haben. Falls nicht oder f\u00fcr weitere Fragen, steht unser Infrastruktur-Verantwortliche\u00a0Matthias Rickli gerne zur Verf\u00fcgung.<\/p>\n","protected":false},"excerpt":{"rendered":"<p>Am\u00a0Sonntag, 17. April 2016, findet um 11.00 Uhr die offizielle Platzer\u00f6ffnung statt. Auch dieses Jahr werden wir die Tennissaison mit einem kleinen Ap\u00e9ro offiziell\u00a0er\u00f6ffnen. Anmeldung bis 15. April 2016 erw\u00fcnscht an unseren Pr\u00e4sidenten Daniel Jaggi. Ausserdem f\u00fchren wir, wie an der HV vom 11. M\u00e4rz 2016 informiert, ein neues Schl\u00fcsselsystem [&hellip;]<\/p>\n","protected":false},"author":1,"featured_media":0,"comment_status":"closed","ping_status":"closed","sticky":false,"template":"","format":"standard","meta":{"footnotes":""},"categories":[4,12],"tags":[],"class_list":["post-823","post","type-post","status-publish","format-standard","hentry","category-allgemein","category-news"],"_links":{"self":[{"href":"https:\/\/tcwangen.ch\/wordpress\/wp-json\/wp\/v2\/posts\/823","targetHints":{"allow":["GET"]}}],"collection":[{"href":"https:\/\/tcwangen.ch\/wordpress\/wp-json\/wp\/v2\/posts"}],"about":[{"href":"https:\/\/tcwangen.ch\/wordpress\/wp-json\/wp\/v2\/types\/post"}],"author":[{"embeddable":true,"href":"https:\/\/tcwangen.ch\/wordpress\/wp-json\/wp\/v2\/users\/1"}],"replies":[{"embeddable":true,"href":"https:\/\/tcwangen.ch\/wordpress\/wp-json\/wp\/v2\/comments?post=823"}],"version-history":[{"count":8,"href":"https:\/\/tcwangen.ch\/wordpress\/wp-json\/wp\/v2\/posts\/823\/revisions"}],"predecessor-version":[{"id":1640,"href":"https:\/\/tcwangen.ch\/wordpress\/wp-json\/wp\/v2\/posts\/823\/revisions\/1640"}],"wp:attachment":[{"href":"https:\/\/tcwangen.ch\/wordpress\/wp-json\/wp\/v2\/media?parent=823"}],"wp:term":[{"taxonomy":"category","embeddable":true,"href":"https:\/\/tcwangen.ch\/wordpress\/wp-json\/wp\/v2\/categories?post=823"},{"taxonomy":"post_tag","embeddable":true,"href":"https:\/\/tcwangen.ch\/wordpress\/wp-json\/wp\/v2\/tags?post=823"}],"curies":[{"name":"wp","href":"https:\/\/api.w.org\/{rel}","templated":true}]}}